{"id":64409,"date":"2025-02-06T20:12:25","date_gmt":"2025-02-06T20:12:25","guid":{"rendered":"https:\/\/proyectodevida.org.mx\/?p=64409"},"modified":"2025-02-06T22:35:24","modified_gmt":"2025-02-06T22:35:24","slug":"boletin-noviembre-enero","status":"publish","type":"post","link":"https:\/\/proyectodevida.org.mx\/en\/boletin-noviembre-enero\/","title":{"rendered":"Bolet\u00edn Noviembre &#8211; Enero"},"content":{"rendered":"<div data-elementor-type=\"wp-post\" data-elementor-id=\"64409\" class=\"elementor elementor-64409\">\n\t\t\t\t\t\t<section class=\"elementor-section elementor-top-section elementor-element elementor-element-2733623 elementor-section-boxed elementor-section-height-default elementor-section-height-default\" data-id=\"2733623\" data-element_type=\"section\">\n\t\t\t\t\t\t<div class=\"elementor-container elementor-column-gap-default\">\n\t\t\t\t\t<div class=\"elementor-column elementor-col-100 elementor-top-column elementor-element elementor-element-252334b\" data-id=\"252334b\" data-element_type=\"column\">\n\t\t\t<div class=\"elementor-widget-wrap elementor-element-populated\">\n\t\t\t\t\t\t<div class=\"elementor-element elementor-element-d34a72d elementor-widget elementor-widget-image\" data-id=\"d34a72d\" data-element_type=\"widget\" data-widget_type=\"image.default\">\n\t\t\t\t<div class=\"elementor-widget-container\">\n\t\t\t\t\t\t\t\t\t\t\t\t\t\t\t<img fetchpriority=\"high\" decoding=\"async\" width=\"1024\" height=\"768\" src=\"https:\/\/proyectodevida.org.mx\/wp-content\/uploads\/2025\/02\/IMG_2274-2-1024x768.jpg\" class=\"attachment-large size-large wp-image-64413\" alt=\"\" srcset=\"https:\/\/proyectodevida.org.mx\/wp-content\/uploads\/2025\/02\/IMG_2274-2-1024x768.jpg 1024w, https:\/\/proyectodevida.org.mx\/wp-content\/uploads\/2025\/02\/IMG_2274-2-300x225.jpg 300w, https:\/\/proyectodevida.org.mx\/wp-content\/uploads\/2025\/02\/IMG_2274-2-768x576.jpg 768w, https:\/\/proyectodevida.org.mx\/wp-content\/uploads\/2025\/02\/IMG_2274-2-1536x1152.jpg 1536w, https:\/\/proyectodevida.org.mx\/wp-content\/uploads\/2025\/02\/IMG_2274-2-2048x1536.jpg 2048w, https:\/\/proyectodevida.org.mx\/wp-content\/uploads\/2025\/02\/IMG_2274-2-16x12.jpg 16w\" sizes=\"(max-width: 1024px) 100vw, 1024px\" \/>\t\t\t\t\t\t\t\t\t\t\t\t\t\t\t<\/div>\n\t\t\t\t<\/div>\n\t\t\t\t\t<\/div>\n\t\t<\/div>\n\t\t\t\t\t<\/div>\n\t\t<\/section>\n\t\t\t\t<section class=\"elementor-section elementor-top-section elementor-element elementor-element-2ba90b0 elementor-section-boxed elementor-section-height-default elementor-section-height-default\" data-id=\"2ba90b0\" data-element_type=\"section\">\n\t\t\t\t\t\t<div class=\"elementor-container elementor-column-gap-default\">\n\t\t\t\t\t<div class=\"elementor-column elementor-col-100 elementor-top-column elementor-element elementor-element-e955430\" data-id=\"e955430\" data-element_type=\"column\">\n\t\t\t<div class=\"elementor-widget-wrap elementor-element-populated\">\n\t\t\t\t\t\t<div class=\"elementor-element elementor-element-bdd8b4b elementor-widget elementor-widget-text-editor\" data-id=\"bdd8b4b\" data-element_type=\"widget\" data-widget_type=\"text-editor.default\">\n\t\t\t\t<div class=\"elementor-widget-container\">\n\t\t\t\t\t\t\t\t\t<p><strong>En esta edici\u00f3n compartimos con ustedes los momentos m\u00e1s destacados y acontecimientos significativos vividos en el hogar durante los \u00faltimos meses. Agradecemos cordialmente a todos aquellos que con su apoyo han contribuido a enriquecer esta maravillosa aventura humana y solidaria.<\/strong><\/p>\t\t\t\t\t\t\t\t<\/div>\n\t\t\t\t<\/div>\n\t\t\t\t\t<\/div>\n\t\t<\/div>\n\t\t\t\t\t<\/div>\n\t\t<\/section>\n\t\t\t\t<section class=\"elementor-section elementor-top-section elementor-element elementor-element-31140e9 elementor-section-boxed elementor-section-height-default elementor-section-height-default\" data-id=\"31140e9\" data-element_type=\"section\">\n\t\t\t\t\t\t<div class=\"elementor-container elementor-column-gap-default\">\n\t\t\t\t\t<div class=\"elementor-column elementor-col-100 elementor-top-column elementor-element elementor-element-f3cff34\" data-id=\"f3cff34\" data-element_type=\"column\">\n\t\t\t<div class=\"elementor-widget-wrap elementor-element-populated\">\n\t\t\t\t\t\t<div class=\"elementor-element elementor-element-a597bc7 elementor-widget elementor-widget-heading\" data-id=\"a597bc7\" data-element_type=\"widget\" data-widget_type=\"heading.default\">\n\t\t\t\t<div class=\"elementor-widget-container\">\n\t\t\t\t\t<h2 class=\"elementor-heading-title elementor-size-default\">Actividad y entretenimiento<\/h2>\t\t\t\t<\/div>\n\t\t\t\t<\/div>\n\t\t\t\t\t<\/div>\n\t\t<\/div>\n\t\t\t\t\t<\/div>\n\t\t<\/section>\n\t\t\t\t<section class=\"elementor-section elementor-top-section elementor-element elementor-element-03d0940 elementor-section-boxed elementor-section-height-default elementor-section-height-default\" data-id=\"03d0940\" data-element_type=\"section\">\n\t\t\t\t\t\t<div class=\"elementor-container elementor-column-gap-default\">\n\t\t\t\t\t<div class=\"elementor-column elementor-col-50 elementor-top-column elementor-element elementor-element-7629881\" data-id=\"7629881\" data-element_type=\"column\">\n\t\t\t<div class=\"elementor-widget-wrap elementor-element-populated\">\n\t\t\t\t\t\t<div class=\"elementor-element elementor-element-37c2ff7 elementor-widget elementor-widget-image\" data-id=\"37c2ff7\" data-element_type=\"widget\" data-widget_type=\"image.default\">\n\t\t\t\t<div class=\"elementor-widget-container\">\n\t\t\t\t\t\t\t\t\t\t\t\t\t\t\t<img decoding=\"async\" width=\"720\" height=\"848\" src=\"https:\/\/proyectodevida.org.mx\/wp-content\/uploads\/2025\/02\/clase_ajedrez_pdv.jpg\" class=\"attachment-large size-large wp-image-64418\" alt=\"\" srcset=\"https:\/\/proyectodevida.org.mx\/wp-content\/uploads\/2025\/02\/clase_ajedrez_pdv.jpg 720w, https:\/\/proyectodevida.org.mx\/wp-content\/uploads\/2025\/02\/clase_ajedrez_pdv-255x300.jpg 255w, https:\/\/proyectodevida.org.mx\/wp-content\/uploads\/2025\/02\/clase_ajedrez_pdv-10x12.jpg 10w\" sizes=\"(max-width: 720px) 100vw, 720px\" \/>\t\t\t\t\t\t\t\t\t\t\t\t\t\t\t<\/div>\n\t\t\t\t<\/div>\n\t\t\t\t<div class=\"elementor-element elementor-element-375f9b5 elementor-widget elementor-widget-spacer\" data-id=\"375f9b5\" data-element_type=\"widget\" data-widget_type=\"spacer.default\">\n\t\t\t\t<div class=\"elementor-widget-container\">\n\t\t\t\t\t\t\t<div class=\"elementor-spacer\">\n\t\t\t<div class=\"elementor-spacer-inner\"><\/div>\n\t\t<\/div>\n\t\t\t\t\t\t<\/div>\n\t\t\t\t<\/div>\n\t\t\t\t\t<\/div>\n\t\t<\/div>\n\t\t\t\t<div class=\"elementor-column elementor-col-50 elementor-top-column elementor-element elementor-element-1c02931\" data-id=\"1c02931\" data-element_type=\"column\">\n\t\t\t<div class=\"elementor-widget-wrap elementor-element-populated\">\n\t\t\t\t\t\t<div class=\"elementor-element elementor-element-8c20241 elementor-widget elementor-widget-text-editor\" data-id=\"8c20241\" data-element_type=\"widget\" data-widget_type=\"text-editor.default\">\n\t\t\t\t<div class=\"elementor-widget-container\">\n\t\t\t\t\t\t\t\t\t<h1><span style=\"font-weight: 400; font-size: 25px; letter-spacing: 0px;\">\u00a1Una estrategia ganadora!<\/span><\/h1><p><span style=\"font-weight: 400;\">Desde hace varios meses, los ni\u00f1os tienen la oportunidad de participar en una clase de ajedrez semanal. Una gran oportunidad para descubrir este juego de estrategia o mejorar su t\u00e9cnica. <\/span><\/p><p><span style=\"font-weight: 400;\">\u00bfQui\u00e9n ser\u00e1 el pr\u00f3ximo en decir \u201cjaque mate\u201d? \u265f\ufe0f\u2728<\/span><\/p><p><br style=\"font-weight: 400;\" \/><br style=\"font-weight: 400;\" \/><\/p>\t\t\t\t\t\t\t\t<\/div>\n\t\t\t\t<\/div>\n\t\t\t\t\t<\/div>\n\t\t<\/div>\n\t\t\t\t\t<\/div>\n\t\t<\/section>\n\t\t\t\t<section class=\"elementor-section elementor-top-section elementor-element elementor-element-622038f elementor-section-boxed elementor-section-height-default elementor-section-height-default\" data-id=\"622038f\" data-element_type=\"section\">\n\t\t\t\t\t\t<div class=\"elementor-container elementor-column-gap-default\">\n\t\t\t\t\t<div class=\"elementor-column elementor-col-50 elementor-top-column elementor-element elementor-element-a4c28d9\" data-id=\"a4c28d9\" data-element_type=\"column\">\n\t\t\t<div class=\"elementor-widget-wrap elementor-element-populated\">\n\t\t\t\t\t\t<div class=\"elementor-element elementor-element-e73a172 elementor-widget elementor-widget-text-editor\" data-id=\"e73a172\" data-element_type=\"widget\" data-widget_type=\"text-editor.default\">\n\t\t\t\t<div class=\"elementor-widget-container\">\n\t\t\t\t\t\t\t\t\t<h4>\u00a0<\/h4><h4><span style=\"font-weight: 400;\">\u00a1Un partido lleno de energ\u00eda! \ud83c\udfc0<\/span><\/h4><p><span style=\"font-weight: 400;\">A principios de diciembre, el equipo de Proyecto de Vida jug\u00f3 su primer partido de baloncesto contra el equipo juvenil de San Juan del R\u00edo. <\/span><\/p><p><span style=\"font-weight: 400;\">\u00a1Un d\u00eda dedicado al deporte, al compartir y al buen humor! A la espera del pr\u00f3ximo encuentro, nuestros j\u00f3venes baloncestistas siguen entrenando cada semana con ilusi\u00f3n.<\/span><\/p><p><br style=\"font-weight: 400;\" \/><br style=\"font-weight: 400;\" \/><\/p>\t\t\t\t\t\t\t\t<\/div>\n\t\t\t\t<\/div>\n\t\t\t\t<div class=\"elementor-element elementor-element-f3d4fcc elementor-widget elementor-widget-spacer\" data-id=\"f3d4fcc\" data-element_type=\"widget\" data-widget_type=\"spacer.default\">\n\t\t\t\t<div class=\"elementor-widget-container\">\n\t\t\t\t\t\t\t<div class=\"elementor-spacer\">\n\t\t\t<div class=\"elementor-spacer-inner\"><\/div>\n\t\t<\/div>\n\t\t\t\t\t\t<\/div>\n\t\t\t\t<\/div>\n\t\t\t\t\t<\/div>\n\t\t<\/div>\n\t\t\t\t<div class=\"elementor-column elementor-col-50 elementor-top-column elementor-element elementor-element-03e9b51\" data-id=\"03e9b51\" data-element_type=\"column\">\n\t\t\t<div class=\"elementor-widget-wrap elementor-element-populated\">\n\t\t\t\t\t\t<div class=\"elementor-element elementor-element-2cb00c2 elementor-widget elementor-widget-image\" data-id=\"2cb00c2\" data-element_type=\"widget\" data-widget_type=\"image.default\">\n\t\t\t\t<div class=\"elementor-widget-container\">\n\t\t\t\t\t\t\t\t\t\t\t\t\t\t\t<img decoding=\"async\" width=\"1024\" height=\"1024\" src=\"https:\/\/proyectodevida.org.mx\/wp-content\/uploads\/2025\/02\/basket_PDV-1024x1024.jpg\" class=\"attachment-large size-large wp-image-64420\" alt=\"\" srcset=\"https:\/\/proyectodevida.org.mx\/wp-content\/uploads\/2025\/02\/basket_PDV-1024x1024.jpg 1024w, https:\/\/proyectodevida.org.mx\/wp-content\/uploads\/2025\/02\/basket_PDV-300x300.jpg 300w, https:\/\/proyectodevida.org.mx\/wp-content\/uploads\/2025\/02\/basket_PDV-150x150.jpg 150w, https:\/\/proyectodevida.org.mx\/wp-content\/uploads\/2025\/02\/basket_PDV-768x767.jpg 768w, https:\/\/proyectodevida.org.mx\/wp-content\/uploads\/2025\/02\/basket_PDV-1536x1534.jpg 1536w, https:\/\/proyectodevida.org.mx\/wp-content\/uploads\/2025\/02\/basket_PDV-2048x2045.jpg 2048w, https:\/\/proyectodevida.org.mx\/wp-content\/uploads\/2025\/02\/basket_PDV-12x12.jpg 12w\" sizes=\"(max-width: 1024px) 100vw, 1024px\" \/>\t\t\t\t\t\t\t\t\t\t\t\t\t\t\t<\/div>\n\t\t\t\t<\/div>\n\t\t\t\t\t<\/div>\n\t\t<\/div>\n\t\t\t\t\t<\/div>\n\t\t<\/section>\n\t\t\t\t<section class=\"elementor-section elementor-top-section elementor-element elementor-element-496a976 elementor-section-boxed elementor-section-height-default elementor-section-height-default\" data-id=\"496a976\" data-element_type=\"section\">\n\t\t\t\t\t\t<div class=\"elementor-container elementor-column-gap-default\">\n\t\t\t\t\t<div class=\"elementor-column elementor-col-50 elementor-top-column elementor-element elementor-element-7398633\" data-id=\"7398633\" data-element_type=\"column\">\n\t\t\t<div class=\"elementor-widget-wrap elementor-element-populated\">\n\t\t\t\t\t\t<div class=\"elementor-element elementor-element-46f5ddb elementor-widget elementor-widget-image\" data-id=\"46f5ddb\" data-element_type=\"widget\" data-widget_type=\"image.default\">\n\t\t\t\t<div class=\"elementor-widget-container\">\n\t\t\t\t\t\t\t\t\t\t\t\t\t\t\t<img loading=\"lazy\" decoding=\"async\" width=\"768\" height=\"1024\" src=\"https:\/\/proyectodevida.org.mx\/wp-content\/uploads\/2025\/02\/IMG_2483-768x1024.jpeg\" class=\"attachment-large size-large wp-image-64422\" alt=\"\" srcset=\"https:\/\/proyectodevida.org.mx\/wp-content\/uploads\/2025\/02\/IMG_2483-768x1024.jpeg 768w, https:\/\/proyectodevida.org.mx\/wp-content\/uploads\/2025\/02\/IMG_2483-225x300.jpeg 225w, https:\/\/proyectodevida.org.mx\/wp-content\/uploads\/2025\/02\/IMG_2483-1152x1536.jpeg 1152w, https:\/\/proyectodevida.org.mx\/wp-content\/uploads\/2025\/02\/IMG_2483-1536x2048.jpeg 1536w, https:\/\/proyectodevida.org.mx\/wp-content\/uploads\/2025\/02\/IMG_2483-9x12.jpeg 9w, https:\/\/proyectodevida.org.mx\/wp-content\/uploads\/2025\/02\/IMG_2483-scaled.jpeg 1920w\" sizes=\"(max-width: 768px) 100vw, 768px\" \/>\t\t\t\t\t\t\t\t\t\t\t\t\t\t\t<\/div>\n\t\t\t\t<\/div>\n\t\t\t\t\t<\/div>\n\t\t<\/div>\n\t\t\t\t<div class=\"elementor-column elementor-col-50 elementor-top-column elementor-element elementor-element-4405c8c\" data-id=\"4405c8c\" data-element_type=\"column\">\n\t\t\t<div class=\"elementor-widget-wrap elementor-element-populated\">\n\t\t\t\t\t\t<div class=\"elementor-element elementor-element-7554b89 elementor-widget elementor-widget-image\" data-id=\"7554b89\" data-element_type=\"widget\" data-widget_type=\"image.default\">\n\t\t\t\t<div class=\"elementor-widget-container\">\n\t\t\t\t\t\t\t\t\t\t\t\t\t\t\t<img loading=\"lazy\" decoding=\"async\" width=\"1024\" height=\"641\" src=\"https:\/\/proyectodevida.org.mx\/wp-content\/uploads\/2025\/02\/cine_tequis-1024x641.jpg\" class=\"attachment-large size-large wp-image-64423\" alt=\"\" srcset=\"https:\/\/proyectodevida.org.mx\/wp-content\/uploads\/2025\/02\/cine_tequis-1024x641.jpg 1024w, https:\/\/proyectodevida.org.mx\/wp-content\/uploads\/2025\/02\/cine_tequis-300x188.jpg 300w, https:\/\/proyectodevida.org.mx\/wp-content\/uploads\/2025\/02\/cine_tequis-768x481.jpg 768w, https:\/\/proyectodevida.org.mx\/wp-content\/uploads\/2025\/02\/cine_tequis-1536x962.jpg 1536w, https:\/\/proyectodevida.org.mx\/wp-content\/uploads\/2025\/02\/cine_tequis-2048x1282.jpg 2048w, https:\/\/proyectodevida.org.mx\/wp-content\/uploads\/2025\/02\/cine_tequis-18x12.jpg 18w\" sizes=\"(max-width: 1024px) 100vw, 1024px\" \/>\t\t\t\t\t\t\t\t\t\t\t\t\t\t\t<\/div>\n\t\t\t\t<\/div>\n\t\t\t\t<div class=\"elementor-element elementor-element-960cfb2 elementor-widget elementor-widget-text-editor\" data-id=\"960cfb2\" data-element_type=\"widget\" data-widget_type=\"text-editor.default\">\n\t\t\t\t<div class=\"elementor-widget-container\">\n\t\t\t\t\t\t\t\t\t<p><span style=\"font-weight: 400;\">\u00a1Hakuna Matata!<\/span><\/p><p><span style=\"font-weight: 400;\">En enero, los ni\u00f1os tuvieron el placer de acudir a Cin\u00e9Top en Tequisquiapan para descubrir las aventuras de Mufasa en la pantalla grande. \u00a1Un momento lleno de emociones y risas compartidos juntos!<\/span><\/p><p><span style=\"font-weight: 400;\">Un gran agradecimiento al equipo de Cin\u00e9Top por su c\u00e1lida bienvenida y esta maravillosa experiencia. \u2728<\/span><\/p>\t\t\t\t\t\t\t\t<\/div>\n\t\t\t\t<\/div>\n\t\t\t\t\t<\/div>\n\t\t<\/div>\n\t\t\t\t\t<\/div>\n\t\t<\/section>\n\t\t\t\t<section class=\"elementor-section elementor-top-section elementor-element elementor-element-763f93d elementor-section-boxed elementor-section-height-default elementor-section-height-default\" data-id=\"763f93d\" data-element_type=\"section\">\n\t\t\t\t\t\t<div class=\"elementor-container elementor-column-gap-default\">\n\t\t\t\t\t<div class=\"elementor-column elementor-col-100 elementor-top-column elementor-element elementor-element-85cdef0\" data-id=\"85cdef0\" data-element_type=\"column\">\n\t\t\t<div class=\"elementor-widget-wrap elementor-element-populated\">\n\t\t\t\t\t\t<div class=\"elementor-element elementor-element-bbcb0f4 elementor-widget elementor-widget-spacer\" data-id=\"bbcb0f4\" data-element_type=\"widget\" data-widget_type=\"spacer.default\">\n\t\t\t\t<div class=\"elementor-widget-container\">\n\t\t\t\t\t\t\t<div class=\"elementor-spacer\">\n\t\t\t<div class=\"elementor-spacer-inner\"><\/div>\n\t\t<\/div>\n\t\t\t\t\t\t<\/div>\n\t\t\t\t<\/div>\n\t\t\t\t<div class=\"elementor-element elementor-element-1a983d7 elementor-widget elementor-widget-heading\" data-id=\"1a983d7\" data-element_type=\"widget\" data-widget_type=\"heading.default\">\n\t\t\t\t<div class=\"elementor-widget-container\">\n\t\t\t\t\t<h2 class=\"elementor-heading-title elementor-size-default\">Visitas y apoyo<\/h2>\t\t\t\t<\/div>\n\t\t\t\t<\/div>\n\t\t\t\t\t<\/div>\n\t\t<\/div>\n\t\t\t\t\t<\/div>\n\t\t<\/section>\n\t\t\t\t<section class=\"elementor-section elementor-top-section elementor-element elementor-element-9c931ee elementor-section-boxed elementor-section-height-default elementor-section-height-default\" data-id=\"9c931ee\" data-element_type=\"section\">\n\t\t\t\t\t\t<div class=\"elementor-container elementor-column-gap-default\">\n\t\t\t\t\t<div class=\"elementor-column elementor-col-100 elementor-top-column elementor-element elementor-element-e53f7a5\" data-id=\"e53f7a5\" data-element_type=\"column\">\n\t\t\t<div class=\"elementor-widget-wrap elementor-element-populated\">\n\t\t\t\t\t\t<div class=\"elementor-element elementor-element-74d2f63 elementor-widget elementor-widget-text-editor\" data-id=\"74d2f63\" data-element_type=\"widget\" data-widget_type=\"text-editor.default\">\n\t\t\t\t<div class=\"elementor-widget-container\">\n\t\t\t\t\t\t\t\t\t<h4><b>\u00a1Un nuevo proyecto cobra vida en casa! \ud83c\udfd7\ufe0f<\/b><\/h4><p><span style=\"font-weight: 400;\">A finales de noviembre, un gran equipo de voluntarios vino a echar una mano al hogar en una misi\u00f3n especial: la construcci\u00f3n de un nuevo edificio que pronto se convertir\u00e1 en nuestra lavander\u00eda. <\/span><span style=\"font-weight: 400;\">Un enorme agradecimiento a Construyendo por su compromiso, energ\u00eda y trabajo duro durante estos dos d\u00edas. \u00a1Enhorabuena tambi\u00e9n a nuestros adolescentes, que no dudaron en implicarse para hacer realidad este proyecto! \ud83d\udcaa\ud83c\udffc\ud83c\udfe1<\/span><\/p>\t\t\t\t\t\t\t\t<\/div>\n\t\t\t\t<\/div>\n\t\t\t\t\t<\/div>\n\t\t<\/div>\n\t\t\t\t\t<\/div>\n\t\t<\/section>\n\t\t\t\t<section class=\"elementor-section elementor-top-section elementor-element elementor-element-b3ef70c elementor-section-boxed elementor-section-height-default elementor-section-height-default\" data-id=\"b3ef70c\" data-element_type=\"section\">\n\t\t\t\t\t\t<div class=\"elementor-container elementor-column-gap-default\">\n\t\t\t\t\t<div class=\"elementor-column elementor-col-50 elementor-top-column elementor-element elementor-element-ae806dc\" data-id=\"ae806dc\" data-element_type=\"column\">\n\t\t\t<div class=\"elementor-widget-wrap elementor-element-populated\">\n\t\t\t\t\t\t<div class=\"elementor-element elementor-element-bbb67e5 elementor-widget elementor-widget-image\" data-id=\"bbb67e5\" data-element_type=\"widget\" data-widget_type=\"image.default\">\n\t\t\t\t<div class=\"elementor-widget-container\">\n\t\t\t\t\t\t\t\t\t\t\t\t\t\t\t<img loading=\"lazy\" decoding=\"async\" width=\"1024\" height=\"768\" src=\"https:\/\/proyectodevida.org.mx\/wp-content\/uploads\/2025\/02\/IMG_8079-1024x768.jpg\" class=\"attachment-large size-large wp-image-64501\" alt=\"\" srcset=\"https:\/\/proyectodevida.org.mx\/wp-content\/uploads\/2025\/02\/IMG_8079-1024x768.jpg 1024w, https:\/\/proyectodevida.org.mx\/wp-content\/uploads\/2025\/02\/IMG_8079-300x225.jpg 300w, https:\/\/proyectodevida.org.mx\/wp-content\/uploads\/2025\/02\/IMG_8079-768x576.jpg 768w, https:\/\/proyectodevida.org.mx\/wp-content\/uploads\/2025\/02\/IMG_8079-1536x1152.jpg 1536w, https:\/\/proyectodevida.org.mx\/wp-content\/uploads\/2025\/02\/IMG_8079-2048x1535.jpg 2048w, https:\/\/proyectodevida.org.mx\/wp-content\/uploads\/2025\/02\/IMG_8079-16x12.jpg 16w\" sizes=\"(max-width: 1024px) 100vw, 1024px\" \/>\t\t\t\t\t\t\t\t\t\t\t\t\t\t\t<\/div>\n\t\t\t\t<\/div>\n\t\t\t\t\t<\/div>\n\t\t<\/div>\n\t\t\t\t<div class=\"elementor-column elementor-col-50 elementor-top-column elementor-element elementor-element-6d8c7c6\" data-id=\"6d8c7c6\" data-element_type=\"column\">\n\t\t\t<div class=\"elementor-widget-wrap elementor-element-populated\">\n\t\t\t\t\t\t<div class=\"elementor-element elementor-element-5ffa1cb elementor-widget elementor-widget-image\" data-id=\"5ffa1cb\" data-element_type=\"widget\" data-widget_type=\"image.default\">\n\t\t\t\t<div class=\"elementor-widget-container\">\n\t\t\t\t\t\t\t\t\t\t\t\t\t\t\t<img loading=\"lazy\" decoding=\"async\" width=\"1024\" height=\"768\" src=\"https:\/\/proyectodevida.org.mx\/wp-content\/uploads\/2025\/02\/IMG_8917-1024x768.jpg\" class=\"attachment-large size-large wp-image-64502\" alt=\"\" srcset=\"https:\/\/proyectodevida.org.mx\/wp-content\/uploads\/2025\/02\/IMG_8917-1024x768.jpg 1024w, https:\/\/proyectodevida.org.mx\/wp-content\/uploads\/2025\/02\/IMG_8917-300x225.jpg 300w, https:\/\/proyectodevida.org.mx\/wp-content\/uploads\/2025\/02\/IMG_8917-768x576.jpg 768w, https:\/\/proyectodevida.org.mx\/wp-content\/uploads\/2025\/02\/IMG_8917-1536x1152.jpg 1536w, https:\/\/proyectodevida.org.mx\/wp-content\/uploads\/2025\/02\/IMG_8917-2048x1536.jpg 2048w, https:\/\/proyectodevida.org.mx\/wp-content\/uploads\/2025\/02\/IMG_8917-16x12.jpg 16w\" sizes=\"(max-width: 1024px) 100vw, 1024px\" \/>\t\t\t\t\t\t\t\t\t\t\t\t\t\t\t<\/div>\n\t\t\t\t<\/div>\n\t\t\t\t\t<\/div>\n\t\t<\/div>\n\t\t\t\t\t<\/div>\n\t\t<\/section>\n\t\t\t\t<section class=\"elementor-section elementor-top-section elementor-element elementor-element-ad7b2cd elementor-section-boxed elementor-section-height-default elementor-section-height-default\" data-id=\"ad7b2cd\" data-element_type=\"section\">\n\t\t\t\t\t\t<div class=\"elementor-container elementor-column-gap-default\">\n\t\t\t\t\t<div class=\"elementor-column elementor-col-100 elementor-top-column elementor-element elementor-element-76ce4c9\" data-id=\"76ce4c9\" data-element_type=\"column\">\n\t\t\t<div class=\"elementor-widget-wrap elementor-element-populated\">\n\t\t\t\t\t\t<div class=\"elementor-element elementor-element-7d342b5 elementor-widget elementor-widget-spacer\" data-id=\"7d342b5\" data-element_type=\"widget\" data-widget_type=\"spacer.default\">\n\t\t\t\t<div class=\"elementor-widget-container\">\n\t\t\t\t\t\t\t<div class=\"elementor-spacer\">\n\t\t\t<div class=\"elementor-spacer-inner\"><\/div>\n\t\t<\/div>\n\t\t\t\t\t\t<\/div>\n\t\t\t\t<\/div>\n\t\t\t\t\t<\/div>\n\t\t<\/div>\n\t\t\t\t\t<\/div>\n\t\t<\/section>\n\t\t\t\t<section class=\"elementor-section elementor-top-section elementor-element elementor-element-9cfbcfa elementor-section-boxed elementor-section-height-default elementor-section-height-default\" data-id=\"9cfbcfa\" data-element_type=\"section\">\n\t\t\t\t\t\t<div class=\"elementor-container elementor-column-gap-default\">\n\t\t\t\t\t<div class=\"elementor-column elementor-col-50 elementor-top-column elementor-element elementor-element-943fd8e\" data-id=\"943fd8e\" data-element_type=\"column\">\n\t\t\t<div class=\"elementor-widget-wrap elementor-element-populated\">\n\t\t\t\t\t\t<div class=\"elementor-element elementor-element-16c2ae3 elementor-widget elementor-widget-image\" data-id=\"16c2ae3\" data-element_type=\"widget\" data-widget_type=\"image.default\">\n\t\t\t\t<div class=\"elementor-widget-container\">\n\t\t\t\t\t\t\t\t\t\t\t\t\t\t\t<img loading=\"lazy\" decoding=\"async\" width=\"768\" height=\"1024\" src=\"https:\/\/proyectodevida.org.mx\/wp-content\/uploads\/2025\/02\/1-768x1024.jpg\" class=\"attachment-large size-large wp-image-64503\" alt=\"\" srcset=\"https:\/\/proyectodevida.org.mx\/wp-content\/uploads\/2025\/02\/1-768x1024.jpg 768w, https:\/\/proyectodevida.org.mx\/wp-content\/uploads\/2025\/02\/1-225x300.jpg 225w, https:\/\/proyectodevida.org.mx\/wp-content\/uploads\/2025\/02\/1-1152x1536.jpg 1152w, https:\/\/proyectodevida.org.mx\/wp-content\/uploads\/2025\/02\/1-1536x2048.jpg 1536w, https:\/\/proyectodevida.org.mx\/wp-content\/uploads\/2025\/02\/1-9x12.jpg 9w, https:\/\/proyectodevida.org.mx\/wp-content\/uploads\/2025\/02\/1-scaled.jpg 1920w\" sizes=\"(max-width: 768px) 100vw, 768px\" \/>\t\t\t\t\t\t\t\t\t\t\t\t\t\t\t<\/div>\n\t\t\t\t<\/div>\n\t\t\t\t\t<\/div>\n\t\t<\/div>\n\t\t\t\t<div class=\"elementor-column elementor-col-50 elementor-top-column elementor-element elementor-element-a3691a9\" data-id=\"a3691a9\" data-element_type=\"column\">\n\t\t\t<div class=\"elementor-widget-wrap elementor-element-populated\">\n\t\t\t\t\t\t<div class=\"elementor-element elementor-element-4b45b64 elementor-widget elementor-widget-text-editor\" data-id=\"4b45b64\" data-element_type=\"widget\" data-widget_type=\"text-editor.default\">\n\t\t\t\t<div class=\"elementor-widget-container\">\n\t\t\t\t\t\t\t\t\t<h4><b>Pastorelas llenas de emoci\u00f3n \u2728<\/b><\/h4><p><span style=\"font-weight: 400;\">En diciembre, tuvimos la alegr\u00eda de recibir a dos grupos de estudiantes de las universidades de Quer\u00e9taro para ofrecernos unas magn\u00edficas Pastorelas. Con su talento y entusiasmo transportaron a ni\u00f1os y j\u00f3venes al esp\u00edritu de esta hermosa tradici\u00f3n mexicana, llenando el hogar de emoci\u00f3n y magia. <\/span><span style=\"font-weight: 400;\">\u00a1Felicitaciones a los estudiantes de las Universidades de Cadereyta y Tecnol\u00f3gica de Quer\u00e9taro por estas inolvidables presentaciones! \ud83d\udc4f\ud83c\udfad<\/span><\/p>\t\t\t\t\t\t\t\t<\/div>\n\t\t\t\t<\/div>\n\t\t\t\t<div class=\"elementor-element elementor-element-f90f196 elementor-widget elementor-widget-image\" data-id=\"f90f196\" data-element_type=\"widget\" data-widget_type=\"image.default\">\n\t\t\t\t<div class=\"elementor-widget-container\">\n\t\t\t\t\t\t\t\t\t\t\t\t\t\t\t<img loading=\"lazy\" decoding=\"async\" width=\"2560\" height=\"1393\" src=\"https:\/\/proyectodevida.org.mx\/wp-content\/uploads\/2025\/02\/IMG_7178-scaled.jpg\" class=\"attachment-full size-full wp-image-64505\" alt=\"\" srcset=\"https:\/\/proyectodevida.org.mx\/wp-content\/uploads\/2025\/02\/IMG_7178-scaled.jpg 2560w, https:\/\/proyectodevida.org.mx\/wp-content\/uploads\/2025\/02\/IMG_7178-300x163.jpg 300w, https:\/\/proyectodevida.org.mx\/wp-content\/uploads\/2025\/02\/IMG_7178-1024x557.jpg 1024w, https:\/\/proyectodevida.org.mx\/wp-content\/uploads\/2025\/02\/IMG_7178-768x418.jpg 768w, https:\/\/proyectodevida.org.mx\/wp-content\/uploads\/2025\/02\/IMG_7178-1536x836.jpg 1536w, https:\/\/proyectodevida.org.mx\/wp-content\/uploads\/2025\/02\/IMG_7178-2048x1114.jpg 2048w, https:\/\/proyectodevida.org.mx\/wp-content\/uploads\/2025\/02\/IMG_7178-18x10.jpg 18w\" sizes=\"(max-width: 2560px) 100vw, 2560px\" \/>\t\t\t\t\t\t\t\t\t\t\t\t\t\t\t<\/div>\n\t\t\t\t<\/div>\n\t\t\t\t\t<\/div>\n\t\t<\/div>\n\t\t\t\t\t<\/div>\n\t\t<\/section>\n\t\t\t\t<section class=\"elementor-section elementor-top-section elementor-element elementor-element-a969efd elementor-section-boxed elementor-section-height-default elementor-section-height-default\" data-id=\"a969efd\" data-element_type=\"section\">\n\t\t\t\t\t\t<div class=\"elementor-container elementor-column-gap-default\">\n\t\t\t\t\t<div class=\"elementor-column elementor-col-100 elementor-top-column elementor-element elementor-element-c6ec780\" data-id=\"c6ec780\" data-element_type=\"column\">\n\t\t\t<div class=\"elementor-widget-wrap elementor-element-populated\">\n\t\t\t\t\t\t<div class=\"elementor-element elementor-element-c522f82 elementor-widget elementor-widget-spacer\" data-id=\"c522f82\" data-element_type=\"widget\" data-widget_type=\"spacer.default\">\n\t\t\t\t<div class=\"elementor-widget-container\">\n\t\t\t\t\t\t\t<div class=\"elementor-spacer\">\n\t\t\t<div class=\"elementor-spacer-inner\"><\/div>\n\t\t<\/div>\n\t\t\t\t\t\t<\/div>\n\t\t\t\t<\/div>\n\t\t\t\t\t<\/div>\n\t\t<\/div>\n\t\t\t\t\t<\/div>\n\t\t<\/section>\n\t\t\t\t<section class=\"elementor-section elementor-top-section elementor-element elementor-element-cf95ecf elementor-section-boxed elementor-section-height-default elementor-section-height-default\" data-id=\"cf95ecf\" data-element_type=\"section\">\n\t\t\t\t\t\t<div class=\"elementor-container elementor-column-gap-default\">\n\t\t\t\t\t<div class=\"elementor-column elementor-col-50 elementor-top-column elementor-element elementor-element-91aa5ca\" data-id=\"91aa5ca\" data-element_type=\"column\">\n\t\t\t<div class=\"elementor-widget-wrap elementor-element-populated\">\n\t\t\t\t\t\t<div class=\"elementor-element elementor-element-3919f15 elementor-widget elementor-widget-text-editor\" data-id=\"3919f15\" data-element_type=\"widget\" data-widget_type=\"text-editor.default\">\n\t\t\t\t<div class=\"elementor-widget-container\">\n\t\t\t\t\t\t\t\t\t<h4>\u00a0<\/h4><h4>\u00a0<\/h4><h4><b>Grupo ABC\u00a0<\/b><\/h4><p><span style=\"font-weight: 400;\">Como cada a\u00f1o, tuvimos el placer de recibir al grupo ABC de San Juan del R\u00edo para un momento de compartir y alegr\u00eda con los ni\u00f1os del hogar. Gracias a su generosidad, los ni\u00f1os fueron maravillosamente mimados, recibiendo numerosos regalos para celebrar la Epifan\u00eda junto a los Reyes Magos.<\/span><\/p><p><span style=\"font-weight: 400;\">\u00a1Un enorme agradecimiento por esta hermosa tradici\u00f3n que ilumina los corazones de nuestros j\u00f3venes cada a\u00f1o! \ud83d\udc9b\ud83d\udc51\ud83c\udf89 <\/span><\/p>\t\t\t\t\t\t\t\t<\/div>\n\t\t\t\t<\/div>\n\t\t\t\t\t<\/div>\n\t\t<\/div>\n\t\t\t\t<div class=\"elementor-column elementor-col-50 elementor-top-column elementor-element elementor-element-0fb52f8\" data-id=\"0fb52f8\" data-element_type=\"column\">\n\t\t\t<div class=\"elementor-widget-wrap elementor-element-populated\">\n\t\t\t\t\t\t<div class=\"elementor-element elementor-element-fcd2f52 elementor-widget elementor-widget-image\" data-id=\"fcd2f52\" data-element_type=\"widget\" data-widget_type=\"image.default\">\n\t\t\t\t<div class=\"elementor-widget-container\">\n\t\t\t\t\t\t\t\t\t\t\t\t\t\t\t<img loading=\"lazy\" decoding=\"async\" width=\"803\" height=\"1024\" src=\"https:\/\/proyectodevida.org.mx\/wp-content\/uploads\/2025\/02\/IMG_1492-803x1024.jpg\" class=\"attachment-large size-large wp-image-64507\" alt=\"\" srcset=\"https:\/\/proyectodevida.org.mx\/wp-content\/uploads\/2025\/02\/IMG_1492-803x1024.jpg 803w, https:\/\/proyectodevida.org.mx\/wp-content\/uploads\/2025\/02\/IMG_1492-235x300.jpg 235w, https:\/\/proyectodevida.org.mx\/wp-content\/uploads\/2025\/02\/IMG_1492-768x980.jpg 768w, https:\/\/proyectodevida.org.mx\/wp-content\/uploads\/2025\/02\/IMG_1492-1204x1536.jpg 1204w, https:\/\/proyectodevida.org.mx\/wp-content\/uploads\/2025\/02\/IMG_1492-1606x2048.jpg 1606w, https:\/\/proyectodevida.org.mx\/wp-content\/uploads\/2025\/02\/IMG_1492-9x12.jpg 9w, https:\/\/proyectodevida.org.mx\/wp-content\/uploads\/2025\/02\/IMG_1492-scaled.jpg 2007w\" sizes=\"(max-width: 803px) 100vw, 803px\" \/>\t\t\t\t\t\t\t\t\t\t\t\t\t\t\t<\/div>\n\t\t\t\t<\/div>\n\t\t\t\t\t<\/div>\n\t\t<\/div>\n\t\t\t\t\t<\/div>\n\t\t<\/section>\n\t\t\t\t<section class=\"elementor-section elementor-top-section elementor-element elementor-element-035670f elementor-section-boxed elementor-section-height-default elementor-section-height-default\" data-id=\"035670f\" data-element_type=\"section\">\n\t\t\t\t\t\t<div class=\"elementor-container elementor-column-gap-default\">\n\t\t\t\t\t<div class=\"elementor-column elementor-col-100 elementor-top-column elementor-element elementor-element-e5f0fba\" data-id=\"e5f0fba\" data-element_type=\"column\">\n\t\t\t<div class=\"elementor-widget-wrap elementor-element-populated\">\n\t\t\t\t\t\t<div class=\"elementor-element elementor-element-5f6291a elementor-widget elementor-widget-spacer\" data-id=\"5f6291a\" data-element_type=\"widget\" data-widget_type=\"spacer.default\">\n\t\t\t\t<div class=\"elementor-widget-container\">\n\t\t\t\t\t\t\t<div class=\"elementor-spacer\">\n\t\t\t<div class=\"elementor-spacer-inner\"><\/div>\n\t\t<\/div>\n\t\t\t\t\t\t<\/div>\n\t\t\t\t<\/div>\n\t\t\t\t\t<\/div>\n\t\t<\/div>\n\t\t\t\t\t<\/div>\n\t\t<\/section>\n\t\t\t\t<section class=\"elementor-section elementor-top-section elementor-element elementor-element-1c80008 elementor-section-boxed elementor-section-height-default elementor-section-height-default\" data-id=\"1c80008\" data-element_type=\"section\">\n\t\t\t\t\t\t<div class=\"elementor-container elementor-column-gap-default\">\n\t\t\t\t\t<div class=\"elementor-column elementor-col-50 elementor-top-column elementor-element elementor-element-e5c2931\" data-id=\"e5c2931\" data-element_type=\"column\">\n\t\t\t<div class=\"elementor-widget-wrap elementor-element-populated\">\n\t\t\t\t\t\t<div class=\"elementor-element elementor-element-73c6a63 elementor-widget elementor-widget-image\" data-id=\"73c6a63\" data-element_type=\"widget\" data-widget_type=\"image.default\">\n\t\t\t\t<div class=\"elementor-widget-container\">\n\t\t\t\t\t\t\t\t\t\t\t\t\t\t\t<img loading=\"lazy\" decoding=\"async\" width=\"1024\" height=\"768\" src=\"https:\/\/proyectodevida.org.mx\/wp-content\/uploads\/2025\/02\/PHOTO-2024-12-12-11-25-27-3-1024x768.jpg\" class=\"attachment-large size-large wp-image-64512\" alt=\"\" srcset=\"https:\/\/proyectodevida.org.mx\/wp-content\/uploads\/2025\/02\/PHOTO-2024-12-12-11-25-27-3-1024x768.jpg 1024w, https:\/\/proyectodevida.org.mx\/wp-content\/uploads\/2025\/02\/PHOTO-2024-12-12-11-25-27-3-300x225.jpg 300w, https:\/\/proyectodevida.org.mx\/wp-content\/uploads\/2025\/02\/PHOTO-2024-12-12-11-25-27-3-768x576.jpg 768w, https:\/\/proyectodevida.org.mx\/wp-content\/uploads\/2025\/02\/PHOTO-2024-12-12-11-25-27-3-1536x1152.jpg 1536w, https:\/\/proyectodevida.org.mx\/wp-content\/uploads\/2025\/02\/PHOTO-2024-12-12-11-25-27-3-16x12.jpg 16w, https:\/\/proyectodevida.org.mx\/wp-content\/uploads\/2025\/02\/PHOTO-2024-12-12-11-25-27-3.jpg 1600w\" sizes=\"(max-width: 1024px) 100vw, 1024px\" \/>\t\t\t\t\t\t\t\t\t\t\t\t\t\t\t<\/div>\n\t\t\t\t<\/div>\n\t\t\t\t\t<\/div>\n\t\t<\/div>\n\t\t\t\t<div class=\"elementor-column elementor-col-50 elementor-top-column elementor-element elementor-element-14ca70d\" data-id=\"14ca70d\" data-element_type=\"column\">\n\t\t\t<div class=\"elementor-widget-wrap elementor-element-populated\">\n\t\t\t\t\t\t<div class=\"elementor-element elementor-element-0efd0df elementor-widget elementor-widget-text-editor\" data-id=\"0efd0df\" data-element_type=\"widget\" data-widget_type=\"text-editor.default\">\n\t\t\t\t<div class=\"elementor-widget-container\">\n\t\t\t\t\t\t\t\t\t<h4><span style=\"font-weight: 400;\">Un lindo y c\u00e1lido invierno \u2744\ufe0f\ud83e\udde5<\/span><\/h4><p><span style=\"font-weight: 400;\">\u00a1Gracias a la generosidad de la Asociaci\u00f3n Ganadera Local de Ezequiel Montes, los ni\u00f1os del hogar est\u00e1n afrontando el invierno en un ambiente c\u00e1lido y acogedor! Un enorme agradecimiento por su donaci\u00f3n de chaquetas de plumas, que aportan comodidad y calidez a cada uno de ellos en esta temporada.<\/span><\/p><p><span style=\"font-weight: 400;\">\u00a1Tu apoyo hace toda la diferencia! \ud83d\udc99\u2728<\/span><\/p>\t\t\t\t\t\t\t\t<\/div>\n\t\t\t\t<\/div>\n\t\t\t\t\t<\/div>\n\t\t<\/div>\n\t\t\t\t\t<\/div>\n\t\t<\/section>\n\t\t\t\t<section class=\"elementor-section elementor-top-section elementor-element elementor-element-46a7570 elementor-section-boxed elementor-section-height-default elementor-section-height-default\" data-id=\"46a7570\" data-element_type=\"section\">\n\t\t\t\t\t\t<div class=\"elementor-container elementor-column-gap-default\">\n\t\t\t\t\t<div class=\"elementor-column elementor-col-100 elementor-top-column elementor-element elementor-element-636f998\" data-id=\"636f998\" data-element_type=\"column\">\n\t\t\t<div class=\"elementor-widget-wrap elementor-element-populated\">\n\t\t\t\t\t\t<div class=\"elementor-element elementor-element-d929723 elementor-widget elementor-widget-spacer\" data-id=\"d929723\" data-element_type=\"widget\" data-widget_type=\"spacer.default\">\n\t\t\t\t<div class=\"elementor-widget-container\">\n\t\t\t\t\t\t\t<div class=\"elementor-spacer\">\n\t\t\t<div class=\"elementor-spacer-inner\"><\/div>\n\t\t<\/div>\n\t\t\t\t\t\t<\/div>\n\t\t\t\t<\/div>\n\t\t\t\t\t<\/div>\n\t\t<\/div>\n\t\t\t\t\t<\/div>\n\t\t<\/section>\n\t\t\t\t<section class=\"elementor-section elementor-top-section elementor-element elementor-element-cee282a elementor-section-boxed elementor-section-height-default elementor-section-height-default\" data-id=\"cee282a\" data-element_type=\"section\">\n\t\t\t\t\t\t<div class=\"elementor-container elementor-column-gap-default\">\n\t\t\t\t\t<div class=\"elementor-column elementor-col-50 elementor-top-column elementor-element elementor-element-9b2ed01\" data-id=\"9b2ed01\" data-element_type=\"column\">\n\t\t\t<div class=\"elementor-widget-wrap elementor-element-populated\">\n\t\t\t\t\t\t<div class=\"elementor-element elementor-element-47a41f2 elementor-widget elementor-widget-text-editor\" data-id=\"47a41f2\" data-element_type=\"widget\" data-widget_type=\"text-editor.default\">\n\t\t\t\t<div class=\"elementor-widget-container\">\n\t\t\t\t\t\t\t\t\t<h4><b>Un momento de convivencia con el equipo de Kellanova \ud83c\udf1f<\/b><\/h4><p><span style=\"font-weight: 400;\">Tuvimos el placer de recibir al equipo Kellanova, quienes ofrecieron a los ni\u00f1os y adolescentes de nuestra Casa un d\u00eda lleno de aprendizaje y sonrisas. <\/span><\/p><p><span style=\"font-weight: 400;\">A trav\u00e9s de actividades educativas e interactivas, han despertado la curiosidad y enriquecido los conocimientos de nuestros j\u00f3venes, creando al mismo tiempo valiosos recuerdos.<\/span><\/p><p><span style=\"font-weight: 400;\">Un enorme agradecimiento tambi\u00e9n por su generosa donaci\u00f3n de cereales, que contribuir\u00e1 al bienestar de nuestros ni\u00f1os. \ud83c\udf3e\ud83d\udc9b<\/span><\/p><p><span style=\"font-weight: 400;\">Esta hermosa colaboraci\u00f3n, posible gracias al apoyo de Fundaci\u00f3n Merced Quer\u00e9taro AC, fortalece nuestra misi\u00f3n y abre camino a nuevos proyectos inspiradores para el futuro. \ud83d\ude4c<\/span><\/p><p><br style=\"font-weight: 400;\" \/><br style=\"font-weight: 400;\" \/><\/p>\t\t\t\t\t\t\t\t<\/div>\n\t\t\t\t<\/div>\n\t\t\t\t\t<\/div>\n\t\t<\/div>\n\t\t\t\t<div class=\"elementor-column elementor-col-50 elementor-top-column elementor-element elementor-element-3805d54\" data-id=\"3805d54\" data-element_type=\"column\">\n\t\t\t<div class=\"elementor-widget-wrap elementor-element-populated\">\n\t\t\t\t\t\t<div class=\"elementor-element elementor-element-7136c8f elementor-widget elementor-widget-image\" data-id=\"7136c8f\" data-element_type=\"widget\" data-widget_type=\"image.default\">\n\t\t\t\t<div class=\"elementor-widget-container\">\n\t\t\t\t\t\t\t\t\t\t\t\t\t\t\t<img loading=\"lazy\" decoding=\"async\" width=\"1024\" height=\"809\" src=\"https:\/\/proyectodevida.org.mx\/wp-content\/uploads\/2025\/02\/IMG_7889_1-1024x809.jpg\" class=\"attachment-large size-large wp-image-64517\" alt=\"\" srcset=\"https:\/\/proyectodevida.org.mx\/wp-content\/uploads\/2025\/02\/IMG_7889_1-1024x809.jpg 1024w, https:\/\/proyectodevida.org.mx\/wp-content\/uploads\/2025\/02\/IMG_7889_1-300x237.jpg 300w, https:\/\/proyectodevida.org.mx\/wp-content\/uploads\/2025\/02\/IMG_7889_1-768x606.jpg 768w, https:\/\/proyectodevida.org.mx\/wp-content\/uploads\/2025\/02\/IMG_7889_1-1536x1213.jpg 1536w, https:\/\/proyectodevida.org.mx\/wp-content\/uploads\/2025\/02\/IMG_7889_1-2048x1617.jpg 2048w, https:\/\/proyectodevida.org.mx\/wp-content\/uploads\/2025\/02\/IMG_7889_1-15x12.jpg 15w\" sizes=\"(max-width: 1024px) 100vw, 1024px\" \/>\t\t\t\t\t\t\t\t\t\t\t\t\t\t\t<\/div>\n\t\t\t\t<\/div>\n\t\t\t\t<div class=\"elementor-element elementor-element-45aac71 elementor-widget elementor-widget-image\" data-id=\"45aac71\" data-element_type=\"widget\" data-widget_type=\"image.default\">\n\t\t\t\t<div class=\"elementor-widget-container\">\n\t\t\t\t\t\t\t\t\t\t\t\t\t\t\t<img loading=\"lazy\" decoding=\"async\" width=\"1024\" height=\"603\" src=\"https:\/\/proyectodevida.org.mx\/wp-content\/uploads\/2025\/02\/IMG_7990_1-1024x603.jpg\" class=\"attachment-large size-large wp-image-64516\" alt=\"\" srcset=\"https:\/\/proyectodevida.org.mx\/wp-content\/uploads\/2025\/02\/IMG_7990_1-1024x603.jpg 1024w, https:\/\/proyectodevida.org.mx\/wp-content\/uploads\/2025\/02\/IMG_7990_1-300x177.jpg 300w, https:\/\/proyectodevida.org.mx\/wp-content\/uploads\/2025\/02\/IMG_7990_1-768x452.jpg 768w, https:\/\/proyectodevida.org.mx\/wp-content\/uploads\/2025\/02\/IMG_7990_1-1536x905.jpg 1536w, https:\/\/proyectodevida.org.mx\/wp-content\/uploads\/2025\/02\/IMG_7990_1-2048x1207.jpg 2048w, https:\/\/proyectodevida.org.mx\/wp-content\/uploads\/2025\/02\/IMG_7990_1-18x12.jpg 18w\" sizes=\"(max-width: 1024px) 100vw, 1024px\" \/>\t\t\t\t\t\t\t\t\t\t\t\t\t\t\t<\/div>\n\t\t\t\t<\/div>\n\t\t\t\t\t<\/div>\n\t\t<\/div>\n\t\t\t\t\t<\/div>\n\t\t<\/section>\n\t\t\t\t<section class=\"elementor-section elementor-top-section elementor-element elementor-element-f19b99d elementor-section-boxed elementor-section-height-default elementor-section-height-default\" data-id=\"f19b99d\" data-element_type=\"section\">\n\t\t\t\t\t\t<div class=\"elementor-container elementor-column-gap-default\">\n\t\t\t\t\t<div class=\"elementor-column elementor-col-100 elementor-top-column elementor-element elementor-element-9aa7399\" data-id=\"9aa7399\" data-element_type=\"column\">\n\t\t\t<div class=\"elementor-widget-wrap elementor-element-populated\">\n\t\t\t\t\t\t<div class=\"elementor-element elementor-element-6048874 elementor-widget elementor-widget-heading\" data-id=\"6048874\" data-element_type=\"widget\" data-widget_type=\"heading.default\">\n\t\t\t\t<div class=\"elementor-widget-container\">\n\t\t\t\t\t<h2 class=\"elementor-heading-title elementor-size-default\">Eventos<\/h2>\t\t\t\t<\/div>\n\t\t\t\t<\/div>\n\t\t\t\t\t<\/div>\n\t\t<\/div>\n\t\t\t\t\t<\/div>\n\t\t<\/section>\n\t\t\t\t<\/div>","protected":false},"excerpt":{"rendered":"<p>En esta edici\u00f3n compartimos con ustedes los momentos m\u00e1s destacados y acontecimientos significativos vividos en el hogar durante los \u00faltimos meses. Agradecemos cordialmente a todos aquellos que con su apoyo han contribuido a enriquecer esta maravillosa aventura humana y solidaria. Actividad y entretenimiento \u00a1Una estrategia ganadora! Desde hace varios meses, los ni\u00f1os tienen la oportunidad [&hellip;]<\/p>","protected":false},"author":990004,"featured_media":0,"comment_status":"open","ping_status":"open","sticky":false,"template":"","format":"standard","meta":{"_acf_changed":false,"footnotes":""},"categories":[1],"tags":[],"class_list":["post-64409","post","type-post","status-publish","format-standard","hentry","category-uncategorized"],"acf":[],"yoast_head":"<!-- This site is optimized with the Yoast SEO plugin v24.7 - https:\/\/yoast.com\/wordpress\/plugins\/seo\/ -->\n<title>Bolet\u00edn Noviembre - Enero - Proyecto de Vida<\/title>\n<meta name=\"robots\" content=\"index, follow, max-snippet:-1, max-image-preview:large, max-video-preview:-1\" \/>\n<link rel=\"canonical\" href=\"https:\/\/proyectodevida.org.mx\/en\/boletin-noviembre-enero\/\" \/>\n<meta property=\"og:locale\" content=\"en_US\" \/>\n<meta property=\"og:type\" content=\"article\" \/>\n<meta property=\"og:title\" content=\"Bolet\u00edn Noviembre - Enero - Proyecto de Vida\" \/>\n<meta property=\"og:description\" content=\"En esta edici\u00f3n compartimos con ustedes los momentos m\u00e1s destacados y acontecimientos significativos vividos en el hogar durante los \u00faltimos meses. Agradecemos cordialmente a todos aquellos que con su apoyo han contribuido a enriquecer esta maravillosa aventura humana y solidaria. Actividad y entretenimiento \u00a1Una estrategia ganadora! Desde hace varios meses, los ni\u00f1os tienen la oportunidad [&hellip;]\" \/>\n<meta property=\"og:url\" content=\"https:\/\/proyectodevida.org.mx\/en\/boletin-noviembre-enero\/\" \/>\n<meta property=\"og:site_name\" content=\"Proyecto de Vida\" \/>\n<meta property=\"article:published_time\" content=\"2025-02-06T20:12:25+00:00\" \/>\n<meta property=\"article:modified_time\" content=\"2025-02-06T22:35:24+00:00\" \/>\n<meta property=\"og:image\" content=\"https:\/\/proyectodevida.org.mx\/wp-content\/uploads\/2025\/02\/IMG_2274-2-1024x768.jpg\" \/>\n<meta name=\"author\" content=\"Fernando Lacadiere Ardav\u00edn\" \/>\n<meta name=\"twitter:card\" content=\"summary_large_image\" \/>\n<meta name=\"twitter:label1\" content=\"Written by\" \/>\n\t<meta name=\"twitter:data1\" content=\"Fernando Lacadiere Ardav\u00edn\" \/>\n\t<meta name=\"twitter:label2\" content=\"Est. reading time\" \/>\n\t<meta name=\"twitter:data2\" content=\"6 minutes\" \/>\n<script type=\"application\/ld+json\" class=\"yoast-schema-graph\">{\"@context\":\"https:\/\/schema.org\",\"@graph\":[{\"@type\":\"Article\",\"@id\":\"https:\/\/proyectodevida.org.mx\/boletin-noviembre-enero\/#article\",\"isPartOf\":{\"@id\":\"https:\/\/proyectodevida.org.mx\/boletin-noviembre-enero\/\"},\"author\":{\"name\":\"Fernando Lacadiere Ardav\u00edn\",\"@id\":\"https:\/\/proyectodevida.org.mx\/#\/schema\/person\/ed6bc6377d9abfd9680a79eff7288bc3\"},\"headline\":\"Bolet\u00edn Noviembre &#8211; Enero\",\"datePublished\":\"2025-02-06T20:12:25+00:00\",\"dateModified\":\"2025-02-06T22:35:24+00:00\",\"mainEntityOfPage\":{\"@id\":\"https:\/\/proyectodevida.org.mx\/boletin-noviembre-enero\/\"},\"wordCount\":622,\"commentCount\":0,\"publisher\":{\"@id\":\"https:\/\/proyectodevida.org.mx\/#organization\"},\"image\":{\"@id\":\"https:\/\/proyectodevida.org.mx\/boletin-noviembre-enero\/#primaryimage\"},\"thumbnailUrl\":\"https:\/\/proyectodevida.org.mx\/wp-content\/uploads\/2025\/02\/IMG_2274-2-1024x768.jpg\",\"inLanguage\":\"en-US\",\"potentialAction\":[{\"@type\":\"CommentAction\",\"name\":\"Comment\",\"target\":[\"https:\/\/proyectodevida.org.mx\/boletin-noviembre-enero\/#respond\"]}]},{\"@type\":\"WebPage\",\"@id\":\"https:\/\/proyectodevida.org.mx\/boletin-noviembre-enero\/\",\"url\":\"https:\/\/proyectodevida.org.mx\/boletin-noviembre-enero\/\",\"name\":\"Bolet\u00edn Noviembre - Enero - Proyecto de Vida\",\"isPartOf\":{\"@id\":\"https:\/\/proyectodevida.org.mx\/#website\"},\"primaryImageOfPage\":{\"@id\":\"https:\/\/proyectodevida.org.mx\/boletin-noviembre-enero\/#primaryimage\"},\"image\":{\"@id\":\"https:\/\/proyectodevida.org.mx\/boletin-noviembre-enero\/#primaryimage\"},\"thumbnailUrl\":\"https:\/\/proyectodevida.org.mx\/wp-content\/uploads\/2025\/02\/IMG_2274-2-1024x768.jpg\",\"datePublished\":\"2025-02-06T20:12:25+00:00\",\"dateModified\":\"2025-02-06T22:35:24+00:00\",\"breadcrumb\":{\"@id\":\"https:\/\/proyectodevida.org.mx\/boletin-noviembre-enero\/#breadcrumb\"},\"inLanguage\":\"en-US\",\"potentialAction\":[{\"@type\":\"ReadAction\",\"target\":[\"https:\/\/proyectodevida.org.mx\/boletin-noviembre-enero\/\"]}]},{\"@type\":\"ImageObject\",\"inLanguage\":\"en-US\",\"@id\":\"https:\/\/proyectodevida.org.mx\/boletin-noviembre-enero\/#primaryimage\",\"url\":\"https:\/\/proyectodevida.org.mx\/wp-content\/uploads\/2025\/02\/IMG_2274-2-1024x768.jpg\",\"contentUrl\":\"https:\/\/proyectodevida.org.mx\/wp-content\/uploads\/2025\/02\/IMG_2274-2-1024x768.jpg\"},{\"@type\":\"BreadcrumbList\",\"@id\":\"https:\/\/proyectodevida.org.mx\/boletin-noviembre-enero\/#breadcrumb\",\"itemListElement\":[{\"@type\":\"ListItem\",\"position\":1,\"name\":\"Portada\",\"item\":\"https:\/\/proyectodevida.org.mx\/\"},{\"@type\":\"ListItem\",\"position\":2,\"name\":\"Bolet\u00edn Noviembre &#8211; Enero\"}]},{\"@type\":\"WebSite\",\"@id\":\"https:\/\/proyectodevida.org.mx\/#website\",\"url\":\"https:\/\/proyectodevida.org.mx\/\",\"name\":\"Proyecto de Vida\",\"description\":\"\",\"publisher\":{\"@id\":\"https:\/\/proyectodevida.org.mx\/#organization\"},\"potentialAction\":[{\"@type\":\"SearchAction\",\"target\":{\"@type\":\"EntryPoint\",\"urlTemplate\":\"https:\/\/proyectodevida.org.mx\/?s={search_term_string}\"},\"query-input\":{\"@type\":\"PropertyValueSpecification\",\"valueRequired\":true,\"valueName\":\"search_term_string\"}}],\"inLanguage\":\"en-US\"},{\"@type\":\"Organization\",\"@id\":\"https:\/\/proyectodevida.org.mx\/#organization\",\"name\":\"Proyecto de Vida\",\"alternateName\":\"Proyecto de Vida\",\"url\":\"https:\/\/proyectodevida.org.mx\/\",\"logo\":{\"@type\":\"ImageObject\",\"inLanguage\":\"en-US\",\"@id\":\"https:\/\/proyectodevida.org.mx\/#\/schema\/logo\/image\/\",\"url\":\"https:\/\/proyectodevida.org.mx\/wp-content\/uploads\/2024\/04\/PROYECTO-DE-VIDA-linea-NOVIEMBRE-06.png\",\"contentUrl\":\"https:\/\/proyectodevida.org.mx\/wp-content\/uploads\/2024\/04\/PROYECTO-DE-VIDA-linea-NOVIEMBRE-06.png\",\"width\":1035,\"height\":735,\"caption\":\"Proyecto de Vida\"},\"image\":{\"@id\":\"https:\/\/proyectodevida.org.mx\/#\/schema\/logo\/image\/\"}},{\"@type\":\"Person\",\"@id\":\"https:\/\/proyectodevida.org.mx\/#\/schema\/person\/ed6bc6377d9abfd9680a79eff7288bc3\",\"name\":\"Fernando Lacadiere Ardav\u00edn\",\"image\":{\"@type\":\"ImageObject\",\"inLanguage\":\"en-US\",\"@id\":\"https:\/\/proyectodevida.org.mx\/#\/schema\/person\/image\/\",\"url\":\"https:\/\/secure.gravatar.com\/avatar\/c571ee43822d125f7802c1a2c0c9026d445eed0c769e992e1df461d2b2333cc2?s=96&d=mm&r=g\",\"contentUrl\":\"https:\/\/secure.gravatar.com\/avatar\/c571ee43822d125f7802c1a2c0c9026d445eed0c769e992e1df461d2b2333cc2?s=96&d=mm&r=g\",\"caption\":\"Fernando Lacadiere Ardav\u00edn\"},\"url\":\"https:\/\/proyectodevida.org.mx\/en\/author\/proyectodv\/\"}]}<\/script>\n<!-- \/ Yoast SEO plugin. -->","yoast_head_json":{"title":"Bolet\u00edn Noviembre - Enero - Proyecto de Vida","robots":{"index":"index","follow":"follow","max-snippet":"max-snippet:-1","max-image-preview":"max-image-preview:large","max-video-preview":"max-video-preview:-1"},"canonical":"https:\/\/proyectodevida.org.mx\/en\/boletin-noviembre-enero\/","og_locale":"en_US","og_type":"article","og_title":"Bolet\u00edn Noviembre - Enero - Proyecto de Vida","og_description":"En esta edici\u00f3n compartimos con ustedes los momentos m\u00e1s destacados y acontecimientos significativos vividos en el hogar durante los \u00faltimos meses. Agradecemos cordialmente a todos aquellos que con su apoyo han contribuido a enriquecer esta maravillosa aventura humana y solidaria. Actividad y entretenimiento \u00a1Una estrategia ganadora! Desde hace varios meses, los ni\u00f1os tienen la oportunidad [&hellip;]","og_url":"https:\/\/proyectodevida.org.mx\/en\/boletin-noviembre-enero\/","og_site_name":"Proyecto de Vida","article_published_time":"2025-02-06T20:12:25+00:00","article_modified_time":"2025-02-06T22:35:24+00:00","og_image":[{"url":"https:\/\/proyectodevida.org.mx\/wp-content\/uploads\/2025\/02\/IMG_2274-2-1024x768.jpg","type":"","width":"","height":""}],"author":"Fernando Lacadiere Ardav\u00edn","twitter_card":"summary_large_image","twitter_misc":{"Written by":"Fernando Lacadiere Ardav\u00edn","Est. reading time":"6 minutes"},"schema":{"@context":"https:\/\/schema.org","@graph":[{"@type":"Article","@id":"https:\/\/proyectodevida.org.mx\/boletin-noviembre-enero\/#article","isPartOf":{"@id":"https:\/\/proyectodevida.org.mx\/boletin-noviembre-enero\/"},"author":{"name":"Fernando Lacadiere Ardav\u00edn","@id":"https:\/\/proyectodevida.org.mx\/#\/schema\/person\/ed6bc6377d9abfd9680a79eff7288bc3"},"headline":"Bolet\u00edn Noviembre &#8211; Enero","datePublished":"2025-02-06T20:12:25+00:00","dateModified":"2025-02-06T22:35:24+00:00","mainEntityOfPage":{"@id":"https:\/\/proyectodevida.org.mx\/boletin-noviembre-enero\/"},"wordCount":622,"commentCount":0,"publisher":{"@id":"https:\/\/proyectodevida.org.mx\/#organization"},"image":{"@id":"https:\/\/proyectodevida.org.mx\/boletin-noviembre-enero\/#primaryimage"},"thumbnailUrl":"https:\/\/proyectodevida.org.mx\/wp-content\/uploads\/2025\/02\/IMG_2274-2-1024x768.jpg","inLanguage":"en-US","potentialAction":[{"@type":"CommentAction","name":"Comment","target":["https:\/\/proyectodevida.org.mx\/boletin-noviembre-enero\/#respond"]}]},{"@type":"WebPage","@id":"https:\/\/proyectodevida.org.mx\/boletin-noviembre-enero\/","url":"https:\/\/proyectodevida.org.mx\/boletin-noviembre-enero\/","name":"Bolet\u00edn Noviembre - Enero - Proyecto de Vida","isPartOf":{"@id":"https:\/\/proyectodevida.org.mx\/#website"},"primaryImageOfPage":{"@id":"https:\/\/proyectodevida.org.mx\/boletin-noviembre-enero\/#primaryimage"},"image":{"@id":"https:\/\/proyectodevida.org.mx\/boletin-noviembre-enero\/#primaryimage"},"thumbnailUrl":"https:\/\/proyectodevida.org.mx\/wp-content\/uploads\/2025\/02\/IMG_2274-2-1024x768.jpg","datePublished":"2025-02-06T20:12:25+00:00","dateModified":"2025-02-06T22:35:24+00:00","breadcrumb":{"@id":"https:\/\/proyectodevida.org.mx\/boletin-noviembre-enero\/#breadcrumb"},"inLanguage":"en-US","potentialAction":[{"@type":"ReadAction","target":["https:\/\/proyectodevida.org.mx\/boletin-noviembre-enero\/"]}]},{"@type":"ImageObject","inLanguage":"en-US","@id":"https:\/\/proyectodevida.org.mx\/boletin-noviembre-enero\/#primaryimage","url":"https:\/\/proyectodevida.org.mx\/wp-content\/uploads\/2025\/02\/IMG_2274-2-1024x768.jpg","contentUrl":"https:\/\/proyectodevida.org.mx\/wp-content\/uploads\/2025\/02\/IMG_2274-2-1024x768.jpg"},{"@type":"BreadcrumbList","@id":"https:\/\/proyectodevida.org.mx\/boletin-noviembre-enero\/#breadcrumb","itemListElement":[{"@type":"ListItem","position":1,"name":"Portada","item":"https:\/\/proyectodevida.org.mx\/"},{"@type":"ListItem","position":2,"name":"Bolet\u00edn Noviembre &#8211; Enero"}]},{"@type":"WebSite","@id":"https:\/\/proyectodevida.org.mx\/#website","url":"https:\/\/proyectodevida.org.mx\/","name":"Proyecto de Vida","description":"","publisher":{"@id":"https:\/\/proyectodevida.org.mx\/#organization"},"potentialAction":[{"@type":"SearchAction","target":{"@type":"EntryPoint","urlTemplate":"https:\/\/proyectodevida.org.mx\/?s={search_term_string}"},"query-input":{"@type":"PropertyValueSpecification","valueRequired":true,"valueName":"search_term_string"}}],"inLanguage":"en-US"},{"@type":"Organization","@id":"https:\/\/proyectodevida.org.mx\/#organization","name":"Proyecto de Vida","alternateName":"Proyecto de Vida","url":"https:\/\/proyectodevida.org.mx\/","logo":{"@type":"ImageObject","inLanguage":"en-US","@id":"https:\/\/proyectodevida.org.mx\/#\/schema\/logo\/image\/","url":"https:\/\/proyectodevida.org.mx\/wp-content\/uploads\/2024\/04\/PROYECTO-DE-VIDA-linea-NOVIEMBRE-06.png","contentUrl":"https:\/\/proyectodevida.org.mx\/wp-content\/uploads\/2024\/04\/PROYECTO-DE-VIDA-linea-NOVIEMBRE-06.png","width":1035,"height":735,"caption":"Proyecto de Vida"},"image":{"@id":"https:\/\/proyectodevida.org.mx\/#\/schema\/logo\/image\/"}},{"@type":"Person","@id":"https:\/\/proyectodevida.org.mx\/#\/schema\/person\/ed6bc6377d9abfd9680a79eff7288bc3","name":"Fernando Lacadiere Ardav\u00edn","image":{"@type":"ImageObject","inLanguage":"en-US","@id":"https:\/\/proyectodevida.org.mx\/#\/schema\/person\/image\/","url":"https:\/\/secure.gravatar.com\/avatar\/c571ee43822d125f7802c1a2c0c9026d445eed0c769e992e1df461d2b2333cc2?s=96&d=mm&r=g","contentUrl":"https:\/\/secure.gravatar.com\/avatar\/c571ee43822d125f7802c1a2c0c9026d445eed0c769e992e1df461d2b2333cc2?s=96&d=mm&r=g","caption":"Fernando Lacadiere Ardav\u00edn"},"url":"https:\/\/proyectodevida.org.mx\/en\/author\/proyectodv\/"}]}},"_links":{"self":[{"href":"https:\/\/proyectodevida.org.mx\/en\/wp-json\/wp\/v2\/posts\/64409","targetHints":{"allow":["GET"]}}],"collection":[{"href":"https:\/\/proyectodevida.org.mx\/en\/wp-json\/wp\/v2\/posts"}],"about":[{"href":"https:\/\/proyectodevida.org.mx\/en\/wp-json\/wp\/v2\/types\/post"}],"author":[{"embeddable":true,"href":"https:\/\/proyectodevida.org.mx\/en\/wp-json\/wp\/v2\/users\/990004"}],"replies":[{"embeddable":true,"href":"https:\/\/proyectodevida.org.mx\/en\/wp-json\/wp\/v2\/comments?post=64409"}],"version-history":[{"count":11,"href":"https:\/\/proyectodevida.org.mx\/en\/wp-json\/wp\/v2\/posts\/64409\/revisions"}],"predecessor-version":[{"id":64521,"href":"https:\/\/proyectodevida.org.mx\/en\/wp-json\/wp\/v2\/posts\/64409\/revisions\/64521"}],"wp:attachment":[{"href":"https:\/\/proyectodevida.org.mx\/en\/wp-json\/wp\/v2\/media?parent=64409"}],"wp:term":[{"taxonomy":"category","embeddable":true,"href":"https:\/\/proyectodevida.org.mx\/en\/wp-json\/wp\/v2\/categories?post=64409"},{"taxonomy":"post_tag","embeddable":true,"href":"https:\/\/proyectodevida.org.mx\/en\/wp-json\/wp\/v2\/tags?post=64409"}],"curies":[{"name":"wp","href":"https:\/\/api.w.org\/{rel}","templated":true}]}}